{"id":1204,"date":"2021-09-29T11:18:31","date_gmt":"2021-09-29T09:18:31","guid":{"rendered":"https:\/\/philharmonia-tolosa.fr\/?p=1204"},"modified":"2022-09-01T17:32:54","modified_gmt":"2022-09-01T15:32:54","slug":"repertoire-2021-2022","status":"publish","type":"post","link":"https:\/\/philharmonia-tolosa.fr\/?p=1204","title":{"rendered":"R\u00e9pertoire 2021\/2022"},"content":{"rendered":"\n<p>Apr\u00e8s une pause \u00ab\u00a0forc\u00e9e\u00a0\u00bb due aux restrictions sanitaires, notre orchestre reprend enfin ses activit\u00e9s. Voici donc notre r\u00e9pertoire pour l&rsquo;ann\u00e9e 2021\/2022<\/p>\n\n\n\n<ul class=\"wp-block-list\"><li>Franz Schubert : Synphonie n\u00b08 \u00ab\u00a0inachev\u00e9e\u00a0\u00bb<\/li><li>Wolfgang Amadeus Mozart : ouverture de la Fl\u00fbte Enchant\u00e9e<\/li><li>Edvard Grieg : Peer Gynt suite n\u00b01<\/li><li>Guiseppe Verdi : ouverture de Nabucco<\/li><li>Gabriel Faur\u00e9 : Requiem<\/li><\/ul>\n","protected":false},"excerpt":{"rendered":"<p>Apr\u00e8s une pause \u00ab\u00a0forc\u00e9e\u00a0\u00bb due aux restrictions sanitaires, notre orchestre reprend enfin ses activit\u00e9s. Voici donc notre r\u00e9pertoire pour l&rsquo;ann\u00e9e 2021\/2022 Franz Schubert : Synphonie n\u00b08 \u00ab\u00a0inachev\u00e9e\u00a0\u00bb Wolfgang Amadeus Mozart : ouverture de la Fl\u00fbte Enchant\u00e9e Edvard Grieg : Peer Gynt suite n\u00b01 Guiseppe Verdi : ouverture de Nabucco Gabriel Faur\u00e9 : Requiem<\/p>\n","protected":false},"author":2,"featured_media":0,"comment_status":"open","ping_status":"open","sticky":false,"template":"","format":"standard","meta":{"footnotes":""},"categories":[6],"tags":[],"class_list":["post-1204","post","type-post","status-publish","format-standard","hentry","category-historique"],"_links":{"self":[{"href":"https:\/\/philharmonia-tolosa.fr\/index.php?rest_route=\/wp\/v2\/posts\/1204","targetHints":{"allow":["GET"]}}],"collection":[{"href":"https:\/\/philharmonia-tolosa.fr\/index.php?rest_route=\/wp\/v2\/posts"}],"about":[{"href":"https:\/\/philharmonia-tolosa.fr\/index.php?rest_route=\/wp\/v2\/types\/post"}],"author":[{"embeddable":true,"href":"https:\/\/philharmonia-tolosa.fr\/index.php?rest_route=\/wp\/v2\/users\/2"}],"replies":[{"embeddable":true,"href":"https:\/\/philharmonia-tolosa.fr\/index.php?rest_route=%2Fwp%2Fv2%2Fcomments&post=1204"}],"version-history":[{"count":4,"href":"https:\/\/philharmonia-tolosa.fr\/index.php?rest_route=\/wp\/v2\/posts\/1204\/revisions"}],"predecessor-version":[{"id":1359,"href":"https:\/\/philharmonia-tolosa.fr\/index.php?rest_route=\/wp\/v2\/posts\/1204\/revisions\/1359"}],"wp:attachment":[{"href":"https:\/\/philharmonia-tolosa.fr\/index.php?rest_route=%2Fwp%2Fv2%2Fmedia&parent=1204"}],"wp:term":[{"taxonomy":"category","embeddable":true,"href":"https:\/\/philharmonia-tolosa.fr\/index.php?rest_route=%2Fwp%2Fv2%2Fcategories&post=1204"},{"taxonomy":"post_tag","embeddable":true,"href":"https:\/\/philharmonia-tolosa.fr\/index.php?rest_route=%2Fwp%2Fv2%2Ftags&post=1204"}],"curies":[{"name":"wp","href":"https:\/\/api.w.org\/{rel}","templated":true}]}}