{"id":1278,"date":"2022-03-28T14:33:55","date_gmt":"2022-03-28T12:33:55","guid":{"rendered":"https:\/\/philharmonia-tolosa.fr\/?p=1278"},"modified":"2022-04-08T10:05:24","modified_gmt":"2022-04-08T08:05:24","slug":"montoulieu-le-8-avril-2022","status":"publish","type":"post","link":"https:\/\/philharmonia-tolosa.fr\/?p=1278","title":{"rendered":"Montoulieu, le 8 avril 2022"},"content":{"rendered":"\n<p>Un concert en soutient du peuple Ukrainien est programm\u00e9 ce vendredi 8 avril \u00e0 21h, \u00e0 la salle des f\u00eates de Montoulieu (Ari\u00e8ge). Les b\u00e9n\u00e9fices seront revers\u00e9s \u00e0 la Croix Rouge.<\/p>\n\n\n\n<p>Au programme :<\/p>\n\n\n\n<ul class=\"wp-block-list\"><li>Franz Schubert : Symphonie n\u00b08 \u00ab\u00a0inachev\u00e9e\u00a0\u00bb<\/li><li>Guiseppe Verdi : ouverture de Nabucco<\/li><li>Edvard Grieg : Peer Gynt suite n\u00b01<\/li><li>Wolfgang Amadeus Mozart : ouverture de la Fl\u00fbte Enchant\u00e9e<\/li><li>Georges Bizet : Carmen suite n\u00b01<\/li><li>Eward Elgar : Pomp and circumstances<\/li><\/ul>\n\n\n\n<div class=\"wp-block-image\"><figure class=\"aligncenter size-medium\"><a href=\"https:\/\/philharmonia-tolosa.fr\/wp-content\/uploads\/2022\/03\/Affiche-MONTOULIEU-210X297-scaled.jpg\"><img loading=\"lazy\" decoding=\"async\" width=\"212\" height=\"300\" src=\"https:\/\/philharmonia-tolosa.fr\/wp-content\/uploads\/2022\/03\/Affiche-MONTOULIEU-210X297-212x300.jpg\" alt=\"\" class=\"wp-image-1281\" srcset=\"https:\/\/philharmonia-tolosa.fr\/wp-content\/uploads\/2022\/03\/Affiche-MONTOULIEU-210X297-212x300.jpg 212w, https:\/\/philharmonia-tolosa.fr\/wp-content\/uploads\/2022\/03\/Affiche-MONTOULIEU-210X297-724x1024.jpg 724w, https:\/\/philharmonia-tolosa.fr\/wp-content\/uploads\/2022\/03\/Affiche-MONTOULIEU-210X297-768x1086.jpg 768w, https:\/\/philharmonia-tolosa.fr\/wp-content\/uploads\/2022\/03\/Affiche-MONTOULIEU-210X297-1086x1536.jpg 1086w, https:\/\/philharmonia-tolosa.fr\/wp-content\/uploads\/2022\/03\/Affiche-MONTOULIEU-210X297-1448x2048.jpg 1448w, https:\/\/philharmonia-tolosa.fr\/wp-content\/uploads\/2022\/03\/Affiche-MONTOULIEU-210X297-scaled.jpg 1810w\" sizes=\"auto, (max-width: 212px) 100vw, 212px\" \/><\/a><\/figure><\/div>\n\n\n\n<iframe src=\"https:\/\/www.google.com\/maps\/embed?pb=!1m18!1m12!1m3!1d614.3304970486762!2d1.6372100323781313!3d42.90991075648142!2m3!1f0!2f0!3f0!3m2!1i1024!2i768!4f13.1!3m3!1m2!1s0x12af124ab0694cc7%3A0xa1f94896ddecc5f0!2sSalle%20des%20f%C3%AAtes%20de%20Ginabat!5e0!3m2!1sfr!2sfr!4v1648470709866!5m2!1sfr!2sfr\" width=\"600\" height=\"450\" style=\"border:0;\" allowfullscreen=\"\" loading=\"lazy\" referrerpolicy=\"no-referrer-when-downgrade\"><\/iframe>\n","protected":false},"excerpt":{"rendered":"<p>Un concert en soutient du peuple Ukrainien est programm\u00e9 ce vendredi 8 avril \u00e0 21h, \u00e0 la salle des f\u00eates de Montoulieu (Ari\u00e8ge). Les b\u00e9n\u00e9fices seront revers\u00e9s \u00e0 la Croix Rouge. Au programme : Franz Schubert : Symphonie n\u00b08 \u00ab\u00a0inachev\u00e9e\u00a0\u00bb Guiseppe Verdi : ouverture de Nabucco Edvard Grieg : Peer Gynt suite n\u00b01 Wolfgang Amadeus &#8230; <a title=\"Montoulieu, le 8 avril 2022\" class=\"read-more\" href=\"https:\/\/philharmonia-tolosa.fr\/?p=1278\" aria-label=\"En savoir plus sur Montoulieu, le 8 avril 2022\">Lire la suite<\/a><\/p>\n","protected":false},"author":2,"featured_media":0,"comment_status":"closed","ping_status":"closed","sticky":false,"template":"","format":"standard","meta":{"footnotes":""},"categories":[5],"tags":[],"class_list":["post-1278","post","type-post","status-publish","format-standard","hentry","category-concerts"],"_links":{"self":[{"href":"https:\/\/philharmonia-tolosa.fr\/index.php?rest_route=\/wp\/v2\/posts\/1278","targetHints":{"allow":["GET"]}}],"collection":[{"href":"https:\/\/philharmonia-tolosa.fr\/index.php?rest_route=\/wp\/v2\/posts"}],"about":[{"href":"https:\/\/philharmonia-tolosa.fr\/index.php?rest_route=\/wp\/v2\/types\/post"}],"author":[{"embeddable":true,"href":"https:\/\/philharmonia-tolosa.fr\/index.php?rest_route=\/wp\/v2\/users\/2"}],"replies":[{"embeddable":true,"href":"https:\/\/philharmonia-tolosa.fr\/index.php?rest_route=%2Fwp%2Fv2%2Fcomments&post=1278"}],"version-history":[{"count":4,"href":"https:\/\/philharmonia-tolosa.fr\/index.php?rest_route=\/wp\/v2\/posts\/1278\/revisions"}],"predecessor-version":[{"id":1286,"href":"https:\/\/philharmonia-tolosa.fr\/index.php?rest_route=\/wp\/v2\/posts\/1278\/revisions\/1286"}],"wp:attachment":[{"href":"https:\/\/philharmonia-tolosa.fr\/index.php?rest_route=%2Fwp%2Fv2%2Fmedia&parent=1278"}],"wp:term":[{"taxonomy":"category","embeddable":true,"href":"https:\/\/philharmonia-tolosa.fr\/index.php?rest_route=%2Fwp%2Fv2%2Fcategories&post=1278"},{"taxonomy":"post_tag","embeddable":true,"href":"https:\/\/philharmonia-tolosa.fr\/index.php?rest_route=%2Fwp%2Fv2%2Ftags&post=1278"}],"curies":[{"name":"wp","href":"https:\/\/api.w.org\/{rel}","templated":true}]}}