{"id":1293,"date":"2022-04-27T16:31:39","date_gmt":"2022-04-27T14:31:39","guid":{"rendered":"https:\/\/philharmonia-tolosa.fr\/?p=1293"},"modified":"2022-04-27T16:31:39","modified_gmt":"2022-04-27T14:31:39","slug":"saint-jospeh-le-13-mai-2022","status":"publish","type":"post","link":"https:\/\/philharmonia-tolosa.fr\/?p=1293","title":{"rendered":"Saint Jospeh, le 13 mai 2022"},"content":{"rendered":"\n<p>Ce 13 mai 2022, nous donnons un concert en l&rsquo;\u00e9glise Saint Joseph de Toulouse. Il s&rsquo;agit du report du concert initialement pr\u00e9vu le 28 janvier. Au programme :<\/p>\n\n\n\n<ul class=\"wp-block-list\"><li>Wolfgang Amadeus Mozart : ouverture de la Fl\u00fbte Enchant\u00e9e<\/li><li>Franz Schubert : Symphonie n\u00b08 \u00ab\u00a0inachev\u00e9e\u00a0\u00bb<\/li><li>Gabriel Faur\u00e9 : Requiem<\/li><\/ul>\n\n\n\n<div class=\"wp-block-image\"><figure class=\"aligncenter size-medium is-resized\"><a href=\"https:\/\/philharmonia-tolosa.fr\/wp-content\/uploads\/2022\/04\/affiche-Philh-Tolo-2022-A4-1.jpg\" target=\"_blank\" rel=\"noopener\"><img loading=\"lazy\" decoding=\"async\" src=\"https:\/\/philharmonia-tolosa.fr\/wp-content\/uploads\/2022\/04\/affiche-Philh-Tolo-2022-A4-1-212x300.jpg\" alt=\"\" class=\"wp-image-1294\" width=\"212\" height=\"300\" srcset=\"https:\/\/philharmonia-tolosa.fr\/wp-content\/uploads\/2022\/04\/affiche-Philh-Tolo-2022-A4-1-212x300.jpg 212w, https:\/\/philharmonia-tolosa.fr\/wp-content\/uploads\/2022\/04\/affiche-Philh-Tolo-2022-A4-1-724x1024.jpg 724w, https:\/\/philharmonia-tolosa.fr\/wp-content\/uploads\/2022\/04\/affiche-Philh-Tolo-2022-A4-1-768x1086.jpg 768w, https:\/\/philharmonia-tolosa.fr\/wp-content\/uploads\/2022\/04\/affiche-Philh-Tolo-2022-A4-1-1086x1536.jpg 1086w, https:\/\/philharmonia-tolosa.fr\/wp-content\/uploads\/2022\/04\/affiche-Philh-Tolo-2022-A4-1-1448x2048.jpg 1448w, https:\/\/philharmonia-tolosa.fr\/wp-content\/uploads\/2022\/04\/affiche-Philh-Tolo-2022-A4-1.jpg 1654w\" sizes=\"auto, (max-width: 212px) 100vw, 212px\" \/><\/a><\/figure><\/div>\n\n\n\n<iframe src=\"https:\/\/www.google.com\/maps\/embed?pb=!1m18!1m12!1m3!1d722.4907780612746!2d1.4636602618007608!3d43.58648467188809!2m3!1f0!2f0!3f0!3m2!1i1024!2i768!4f13.1!3m3!1m2!1s0x12aebc5e3fa21849%3A0x4520cd423818ff47!2sParoisse%20St%20Joseph!5e0!3m2!1sfr!2sfr!4v1651069754316!5m2!1sfr!2sfr\" width=\"600\" height=\"450\" style=\"border:0;\" allowfullscreen=\"\" loading=\"lazy\" referrerpolicy=\"no-referrer-when-downgrade\"><\/iframe>\n","protected":false},"excerpt":{"rendered":"<p>Ce 13 mai 2022, nous donnons un concert en l&rsquo;\u00e9glise Saint Joseph de Toulouse. Il s&rsquo;agit du report du concert initialement pr\u00e9vu le 28 janvier. Au programme : Wolfgang Amadeus Mozart : ouverture de la Fl\u00fbte Enchant\u00e9e Franz Schubert : Symphonie n\u00b08 \u00ab\u00a0inachev\u00e9e\u00a0\u00bb Gabriel Faur\u00e9 : Requiem<\/p>\n","protected":false},"author":2,"featured_media":0,"comment_status":"closed","ping_status":"closed","sticky":false,"template":"","format":"standard","meta":{"footnotes":""},"categories":[5],"tags":[],"class_list":["post-1293","post","type-post","status-publish","format-standard","hentry","category-concerts"],"_links":{"self":[{"href":"https:\/\/philharmonia-tolosa.fr\/index.php?rest_route=\/wp\/v2\/posts\/1293","targetHints":{"allow":["GET"]}}],"collection":[{"href":"https:\/\/philharmonia-tolosa.fr\/index.php?rest_route=\/wp\/v2\/posts"}],"about":[{"href":"https:\/\/philharmonia-tolosa.fr\/index.php?rest_route=\/wp\/v2\/types\/post"}],"author":[{"embeddable":true,"href":"https:\/\/philharmonia-tolosa.fr\/index.php?rest_route=\/wp\/v2\/users\/2"}],"replies":[{"embeddable":true,"href":"https:\/\/philharmonia-tolosa.fr\/index.php?rest_route=%2Fwp%2Fv2%2Fcomments&post=1293"}],"version-history":[{"count":2,"href":"https:\/\/philharmonia-tolosa.fr\/index.php?rest_route=\/wp\/v2\/posts\/1293\/revisions"}],"predecessor-version":[{"id":1296,"href":"https:\/\/philharmonia-tolosa.fr\/index.php?rest_route=\/wp\/v2\/posts\/1293\/revisions\/1296"}],"wp:attachment":[{"href":"https:\/\/philharmonia-tolosa.fr\/index.php?rest_route=%2Fwp%2Fv2%2Fmedia&parent=1293"}],"wp:term":[{"taxonomy":"category","embeddable":true,"href":"https:\/\/philharmonia-tolosa.fr\/index.php?rest_route=%2Fwp%2Fv2%2Fcategories&post=1293"},{"taxonomy":"post_tag","embeddable":true,"href":"https:\/\/philharmonia-tolosa.fr\/index.php?rest_route=%2Fwp%2Fv2%2Ftags&post=1293"}],"curies":[{"name":"wp","href":"https:\/\/api.w.org\/{rel}","templated":true}]}}