{"id":325,"date":"2018-01-24T21:34:48","date_gmt":"2018-01-24T20:34:48","guid":{"rendered":"http:\/\/philharmonia-tolosa.fr\/?p=325"},"modified":"2018-01-24T21:34:48","modified_gmt":"2018-01-24T20:34:48","slug":"prochaines-dates","status":"publish","type":"post","link":"https:\/\/philharmonia-tolosa.fr\/?p=325","title":{"rendered":"Prochaines dates"},"content":{"rendered":"<p>Un point sur nos prochains concerts, apr\u00e8s celui du 26 janvier (venez nombreux) :<\/p>\n<ul>\n<li>Le 16\/03 \u00e0 la salle des f\u00eates de Launaguet<\/li>\n<li>Le 19\/03 \u00e0 18h30 \u00e0 l&rsquo;IUT Paul Sabatier<\/li>\n<li>Le 05\/04 \u00e0 20h30 \u00e0 l&rsquo;\u00e9glise de Pibrac<\/li>\n<li>Le 17\/05\u00a0 \u00e0 la salle des f\u00eates de Roquettes<\/li>\n<li>Le 07\/06 \u00e0 la Basilique St Sernin<\/li>\n<li>Le 15\/06 \u00e0 Pinsaguel<\/li>\n<\/ul>\n<p>Plus d&rsquo;informations prochainement.<\/p>\n","protected":false},"excerpt":{"rendered":"<p>Un point sur nos prochains concerts, apr\u00e8s celui du 26 janvier (venez nombreux) : Le 16\/03 \u00e0 la salle des f\u00eates de Launaguet Le 19\/03 \u00e0 18h30 \u00e0 l&rsquo;IUT Paul Sabatier Le 05\/04 \u00e0 20h30 \u00e0 l&rsquo;\u00e9glise de Pibrac Le 17\/05\u00a0 \u00e0 la salle des f\u00eates de Roquettes Le 07\/06 \u00e0 la Basilique St Sernin &#8230; <a title=\"Prochaines dates\" class=\"read-more\" href=\"https:\/\/philharmonia-tolosa.fr\/?p=325\" aria-label=\"En savoir plus sur Prochaines dates\">Lire la suite<\/a><\/p>\n","protected":false},"author":2,"featured_media":0,"comment_status":"open","ping_status":"open","sticky":false,"template":"","format":"standard","meta":{"footnotes":""},"categories":[5],"tags":[],"class_list":["post-325","post","type-post","status-publish","format-standard","hentry","category-concerts"],"_links":{"self":[{"href":"https:\/\/philharmonia-tolosa.fr\/index.php?rest_route=\/wp\/v2\/posts\/325","targetHints":{"allow":["GET"]}}],"collection":[{"href":"https:\/\/philharmonia-tolosa.fr\/index.php?rest_route=\/wp\/v2\/posts"}],"about":[{"href":"https:\/\/philharmonia-tolosa.fr\/index.php?rest_route=\/wp\/v2\/types\/post"}],"author":[{"embeddable":true,"href":"https:\/\/philharmonia-tolosa.fr\/index.php?rest_route=\/wp\/v2\/users\/2"}],"replies":[{"embeddable":true,"href":"https:\/\/philharmonia-tolosa.fr\/index.php?rest_route=%2Fwp%2Fv2%2Fcomments&post=325"}],"version-history":[{"count":1,"href":"https:\/\/philharmonia-tolosa.fr\/index.php?rest_route=\/wp\/v2\/posts\/325\/revisions"}],"predecessor-version":[{"id":326,"href":"https:\/\/philharmonia-tolosa.fr\/index.php?rest_route=\/wp\/v2\/posts\/325\/revisions\/326"}],"wp:attachment":[{"href":"https:\/\/philharmonia-tolosa.fr\/index.php?rest_route=%2Fwp%2Fv2%2Fmedia&parent=325"}],"wp:term":[{"taxonomy":"category","embeddable":true,"href":"https:\/\/philharmonia-tolosa.fr\/index.php?rest_route=%2Fwp%2Fv2%2Fcategories&post=325"},{"taxonomy":"post_tag","embeddable":true,"href":"https:\/\/philharmonia-tolosa.fr\/index.php?rest_route=%2Fwp%2Fv2%2Ftags&post=325"}],"curies":[{"name":"wp","href":"https:\/\/api.w.org\/{rel}","templated":true}]}}