{"id":609,"date":"2018-09-24T15:24:04","date_gmt":"2018-09-24T13:24:04","guid":{"rendered":"http:\/\/philharmonia-tolosa.fr\/?p=609"},"modified":"2018-09-24T15:24:04","modified_gmt":"2018-09-24T13:24:04","slug":"concert-franco-allemand","status":"publish","type":"post","link":"https:\/\/philharmonia-tolosa.fr\/?p=609","title":{"rendered":"Concert franco-allemand"},"content":{"rendered":"<p>Un premier concert pour cette nouvelle saison 2018-2019 a eu lieu le 18 septembre 2018, au temple du Salin de Toulouse. Il s&rsquo;agissait d&rsquo;une rencontre franco-allemande, entre les ch\u0153urs de l&rsquo;universit\u00e9 de Toulouse et La Vilanelle qui nous accompagnent r\u00e9guli\u00e8rement, et le ch\u0153ur de l&rsquo;universit\u00e9 de Hambourg.<\/p>\n<p>Philharmonia Tolosa y a interpr\u00e9t\u00e9 le psaume 42 de Felix Mendelsshon.<\/p>\n<p><a href=\"https:\/\/philharmonia-tolosa.fr\/wp-content\/uploads\/2018\/09\/Affiche_Salin_2018-1.jpg\" target=\"_blank\" rel=\"noopener\"><img loading=\"lazy\" decoding=\"async\" class=\"aligncenter wp-image-595 size-medium\" src=\"https:\/\/philharmonia-tolosa.fr\/wp-content\/uploads\/2018\/09\/Affiche_Salin_2018-1-208x300.jpg\" alt=\"\" width=\"208\" height=\"300\" srcset=\"https:\/\/philharmonia-tolosa.fr\/wp-content\/uploads\/2018\/09\/Affiche_Salin_2018-1-208x300.jpg 208w, https:\/\/philharmonia-tolosa.fr\/wp-content\/uploads\/2018\/09\/Affiche_Salin_2018-1-709x1024.jpg 709w, https:\/\/philharmonia-tolosa.fr\/wp-content\/uploads\/2018\/09\/Affiche_Salin_2018-1.jpg 746w\" sizes=\"auto, (max-width: 208px) 100vw, 208px\" \/><\/a><\/p>\n","protected":false},"excerpt":{"rendered":"<p>Un premier concert pour cette nouvelle saison 2018-2019 a eu lieu le 18 septembre 2018, au temple du Salin de Toulouse. Il s&rsquo;agissait d&rsquo;une rencontre franco-allemande, entre les ch\u0153urs de l&rsquo;universit\u00e9 de Toulouse et La Vilanelle qui nous accompagnent r\u00e9guli\u00e8rement, et le ch\u0153ur de l&rsquo;universit\u00e9 de Hambourg. Philharmonia Tolosa y a interpr\u00e9t\u00e9 le psaume 42 &#8230; <a title=\"Concert franco-allemand\" class=\"read-more\" href=\"https:\/\/philharmonia-tolosa.fr\/?p=609\" aria-label=\"En savoir plus sur Concert franco-allemand\">Lire la suite<\/a><\/p>\n","protected":false},"author":2,"featured_media":0,"comment_status":"open","ping_status":"open","sticky":false,"template":"","format":"standard","meta":{"footnotes":""},"categories":[5],"tags":[],"class_list":["post-609","post","type-post","status-publish","format-standard","hentry","category-concerts"],"_links":{"self":[{"href":"https:\/\/philharmonia-tolosa.fr\/index.php?rest_route=\/wp\/v2\/posts\/609","targetHints":{"allow":["GET"]}}],"collection":[{"href":"https:\/\/philharmonia-tolosa.fr\/index.php?rest_route=\/wp\/v2\/posts"}],"about":[{"href":"https:\/\/philharmonia-tolosa.fr\/index.php?rest_route=\/wp\/v2\/types\/post"}],"author":[{"embeddable":true,"href":"https:\/\/philharmonia-tolosa.fr\/index.php?rest_route=\/wp\/v2\/users\/2"}],"replies":[{"embeddable":true,"href":"https:\/\/philharmonia-tolosa.fr\/index.php?rest_route=%2Fwp%2Fv2%2Fcomments&post=609"}],"version-history":[{"count":1,"href":"https:\/\/philharmonia-tolosa.fr\/index.php?rest_route=\/wp\/v2\/posts\/609\/revisions"}],"predecessor-version":[{"id":610,"href":"https:\/\/philharmonia-tolosa.fr\/index.php?rest_route=\/wp\/v2\/posts\/609\/revisions\/610"}],"wp:attachment":[{"href":"https:\/\/philharmonia-tolosa.fr\/index.php?rest_route=%2Fwp%2Fv2%2Fmedia&parent=609"}],"wp:term":[{"taxonomy":"category","embeddable":true,"href":"https:\/\/philharmonia-tolosa.fr\/index.php?rest_route=%2Fwp%2Fv2%2Fcategories&post=609"},{"taxonomy":"post_tag","embeddable":true,"href":"https:\/\/philharmonia-tolosa.fr\/index.php?rest_route=%2Fwp%2Fv2%2Ftags&post=609"}],"curies":[{"name":"wp","href":"https:\/\/api.w.org\/{rel}","templated":true}]}}