{"id":642,"date":"2018-10-14T15:31:46","date_gmt":"2018-10-14T13:31:46","guid":{"rendered":"http:\/\/philharmonia-tolosa.fr\/?p=642"},"modified":"2018-10-30T19:08:12","modified_gmt":"2018-10-30T18:08:12","slug":"flourens-le-16-novembre","status":"publish","type":"post","link":"https:\/\/philharmonia-tolosa.fr\/?p=642","title":{"rendered":"Flourens, le 16 novembre"},"content":{"rendered":"<p>Notre prochain concert est pr\u00e9vu le 16 novembre 2018 \u00e0 21h, \u00e0 la salle des f\u00eates de Flourens.<\/p>\n<p>Au programme :<\/p>\n<ul>\n<li>Edward Elgar : Variations Enigma N\u00b09 \u00ab\u00a0Nimrod\u00a0\u00bb<\/li>\n<li>Ludwig Van Beethoven : Symphonie Pastorale (extraits)<\/li>\n<\/ul>\n<p>Et avec en soliste <a href=\"http:\/\/www.natachatriadou.com\/\" target=\"_blank\" rel=\"noopener\">Natacha Triadou<\/a>, violoniste :<\/p>\n<ul>\n<li>F\u00e9lix Mendelssohn : Concerto pour violon en Mi mineur<\/li>\n<li>Camille Saint-Sa\u00ebns : Rondo Capriccioso<\/li>\n<\/ul>\n<p><a href=\"https:\/\/philharmonia-tolosa.fr\/wp-content\/uploads\/2018\/10\/Affiche-concert-Flourens-16-11-2018-version-d\u00e9finitive-JPEG.jpg\" target=\"_blank\" rel=\"noopener\"><img loading=\"lazy\" decoding=\"async\" class=\"aligncenter wp-image-673 size-medium\" src=\"https:\/\/philharmonia-tolosa.fr\/wp-content\/uploads\/2018\/10\/Affiche-concert-Flourens-16-11-2018-version-d\u00e9finitive-JPEG-211x300.jpg\" alt=\"\" width=\"211\" height=\"300\" srcset=\"https:\/\/philharmonia-tolosa.fr\/wp-content\/uploads\/2018\/10\/Affiche-concert-Flourens-16-11-2018-version-d\u00e9finitive-JPEG-211x300.jpg 211w, https:\/\/philharmonia-tolosa.fr\/wp-content\/uploads\/2018\/10\/Affiche-concert-Flourens-16-11-2018-version-d\u00e9finitive-JPEG-768x1091.jpg 768w, https:\/\/philharmonia-tolosa.fr\/wp-content\/uploads\/2018\/10\/Affiche-concert-Flourens-16-11-2018-version-d\u00e9finitive-JPEG-721x1024.jpg 721w\" sizes=\"auto, (max-width: 211px) 100vw, 211px\" \/><\/a><\/p>\n<p><iframe loading=\"lazy\" style=\"border: 0;\" src=\"https:\/\/www.google.com\/maps\/embed?pb=!1m18!1m12!1m3!1d4206.201522496925!2d1.563471422710501!3d43.59481833589688!2m3!1f0!2f0!3f0!3m2!1i1024!2i768!4f13.1!3m3!1m2!1s0x12ae97070dbc4d57%3A0xb167634ffaa420e6!2sSalle+des+f%C3%AAtes!5e0!3m2!1sfr!2sfr!4v1539523779877\" width=\"600\" height=\"450\" frameborder=\"0\" allowfullscreen=\"allowfullscreen\"><\/iframe><\/p>\n","protected":false},"excerpt":{"rendered":"<p>Notre prochain concert est pr\u00e9vu le 16 novembre 2018 \u00e0 21h, \u00e0 la salle des f\u00eates de Flourens. Au programme : Edward Elgar : Variations Enigma N\u00b09 \u00ab\u00a0Nimrod\u00a0\u00bb Ludwig Van Beethoven : Symphonie Pastorale (extraits) Et avec en soliste Natacha Triadou, violoniste : F\u00e9lix Mendelssohn : Concerto pour violon en Mi mineur Camille Saint-Sa\u00ebns : &#8230; <a title=\"Flourens, le 16 novembre\" class=\"read-more\" href=\"https:\/\/philharmonia-tolosa.fr\/?p=642\" aria-label=\"En savoir plus sur Flourens, le 16 novembre\">Lire la suite<\/a><\/p>\n","protected":false},"author":2,"featured_media":0,"comment_status":"open","ping_status":"open","sticky":false,"template":"","format":"standard","meta":{"footnotes":""},"categories":[5],"tags":[],"class_list":["post-642","post","type-post","status-publish","format-standard","hentry","category-concerts"],"_links":{"self":[{"href":"https:\/\/philharmonia-tolosa.fr\/index.php?rest_route=\/wp\/v2\/posts\/642","targetHints":{"allow":["GET"]}}],"collection":[{"href":"https:\/\/philharmonia-tolosa.fr\/index.php?rest_route=\/wp\/v2\/posts"}],"about":[{"href":"https:\/\/philharmonia-tolosa.fr\/index.php?rest_route=\/wp\/v2\/types\/post"}],"author":[{"embeddable":true,"href":"https:\/\/philharmonia-tolosa.fr\/index.php?rest_route=\/wp\/v2\/users\/2"}],"replies":[{"embeddable":true,"href":"https:\/\/philharmonia-tolosa.fr\/index.php?rest_route=%2Fwp%2Fv2%2Fcomments&post=642"}],"version-history":[{"count":4,"href":"https:\/\/philharmonia-tolosa.fr\/index.php?rest_route=\/wp\/v2\/posts\/642\/revisions"}],"predecessor-version":[{"id":674,"href":"https:\/\/philharmonia-tolosa.fr\/index.php?rest_route=\/wp\/v2\/posts\/642\/revisions\/674"}],"wp:attachment":[{"href":"https:\/\/philharmonia-tolosa.fr\/index.php?rest_route=%2Fwp%2Fv2%2Fmedia&parent=642"}],"wp:term":[{"taxonomy":"category","embeddable":true,"href":"https:\/\/philharmonia-tolosa.fr\/index.php?rest_route=%2Fwp%2Fv2%2Fcategories&post=642"},{"taxonomy":"post_tag","embeddable":true,"href":"https:\/\/philharmonia-tolosa.fr\/index.php?rest_route=%2Fwp%2Fv2%2Ftags&post=642"}],"curies":[{"name":"wp","href":"https:\/\/api.w.org\/{rel}","templated":true}]}}