{"id":713,"date":"2019-02-19T14:07:58","date_gmt":"2019-02-19T13:07:58","guid":{"rendered":"http:\/\/philharmonia-tolosa.fr\/?p=713"},"modified":"2019-02-24T20:32:33","modified_gmt":"2019-02-24T19:32:33","slug":"saint-joseph-le-15-mai-2019","status":"publish","type":"post","link":"https:\/\/philharmonia-tolosa.fr\/?p=713","title":{"rendered":"Saint Joseph, le 15 mars 2019"},"content":{"rendered":"\n<p>Notre prochain concert aura lieu le 15 mars 2019 \u00e0 20h30, \u00e0 l&rsquo;\u00e9glise Saint Joseph de Toulouse. Au programme :<\/p>\n\n\n\n<ul class=\"wp-block-list\"><li>Symphonie n\u00b06 \u00ab\u00a0Pastorale\u00a0\u00bb de Ludwig Van Beethoven<\/li><li>Messe en Ut de Ludwig Van Beethoven<\/li><\/ul>\n\n\n\n<div class=\"wp-block-image\"><figure class=\"aligncenter\"><a href=\"https:\/\/philharmonia-tolosa.fr\/wp-content\/uploads\/2019\/02\/Affiche_Saint_Joseph_2019.jpg\" target=\"_blank\" rel=\"noreferrer noopener\"><img loading=\"lazy\" decoding=\"async\" width=\"225\" height=\"300\" src=\"https:\/\/philharmonia-tolosa.fr\/wp-content\/uploads\/2019\/02\/Affiche_Saint_Joseph_2019-225x300.jpg\" alt=\"\" class=\"wp-image-714\" srcset=\"https:\/\/philharmonia-tolosa.fr\/wp-content\/uploads\/2019\/02\/Affiche_Saint_Joseph_2019-225x300.jpg 225w, https:\/\/philharmonia-tolosa.fr\/wp-content\/uploads\/2019\/02\/Affiche_Saint_Joseph_2019-768x1024.jpg 768w\" sizes=\"auto, (max-width: 225px) 100vw, 225px\" \/><\/a><\/figure><\/div>\n\n\n\n<figure><iframe loading=\"lazy\" src=\"https:\/\/www.google.com\/maps\/embed?pb=!1m18!1m12!1m3!1d810.9733657142324!2d1.4624433414713538!3d43.58612275090562!2m3!1f0!2f0!3f0!3m2!1i1024!2i768!4f13.1!3m3!1m2!1s0x12aebc5e3fa21849%3A0x4520cd423818ff47!2sParoisse+St+Joseph!5e0!3m2!1sfr!2sfr!4v1550581516791\" allowfullscreen=\"\" width=\"600\" height=\"450\"><\/iframe><\/figure>\n","protected":false},"excerpt":{"rendered":"<p>Notre prochain concert aura lieu le 15 mars 2019 \u00e0 20h30, \u00e0 l&rsquo;\u00e9glise Saint Joseph de Toulouse. Au programme : Symphonie n\u00b06 \u00ab\u00a0Pastorale\u00a0\u00bb de Ludwig Van Beethoven Messe en Ut de Ludwig Van Beethoven<\/p>\n","protected":false},"author":2,"featured_media":0,"comment_status":"open","ping_status":"open","sticky":false,"template":"","format":"standard","meta":{"footnotes":""},"categories":[5],"tags":[],"class_list":["post-713","post","type-post","status-publish","format-standard","hentry","category-concerts"],"_links":{"self":[{"href":"https:\/\/philharmonia-tolosa.fr\/index.php?rest_route=\/wp\/v2\/posts\/713","targetHints":{"allow":["GET"]}}],"collection":[{"href":"https:\/\/philharmonia-tolosa.fr\/index.php?rest_route=\/wp\/v2\/posts"}],"about":[{"href":"https:\/\/philharmonia-tolosa.fr\/index.php?rest_route=\/wp\/v2\/types\/post"}],"author":[{"embeddable":true,"href":"https:\/\/philharmonia-tolosa.fr\/index.php?rest_route=\/wp\/v2\/users\/2"}],"replies":[{"embeddable":true,"href":"https:\/\/philharmonia-tolosa.fr\/index.php?rest_route=%2Fwp%2Fv2%2Fcomments&post=713"}],"version-history":[{"count":7,"href":"https:\/\/philharmonia-tolosa.fr\/index.php?rest_route=\/wp\/v2\/posts\/713\/revisions"}],"predecessor-version":[{"id":725,"href":"https:\/\/philharmonia-tolosa.fr\/index.php?rest_route=\/wp\/v2\/posts\/713\/revisions\/725"}],"wp:attachment":[{"href":"https:\/\/philharmonia-tolosa.fr\/index.php?rest_route=%2Fwp%2Fv2%2Fmedia&parent=713"}],"wp:term":[{"taxonomy":"category","embeddable":true,"href":"https:\/\/philharmonia-tolosa.fr\/index.php?rest_route=%2Fwp%2Fv2%2Fcategories&post=713"},{"taxonomy":"post_tag","embeddable":true,"href":"https:\/\/philharmonia-tolosa.fr\/index.php?rest_route=%2Fwp%2Fv2%2Ftags&post=713"}],"curies":[{"name":"wp","href":"https:\/\/api.w.org\/{rel}","templated":true}]}}