{"id":733,"date":"2019-03-14T15:42:40","date_gmt":"2019-03-14T14:42:40","guid":{"rendered":"http:\/\/philharmonia-tolosa.fr\/?p=733"},"modified":"2019-03-14T15:49:09","modified_gmt":"2019-03-14T14:49:09","slug":"balma-le-11-avril-2019","status":"publish","type":"post","link":"https:\/\/philharmonia-tolosa.fr\/?p=733","title":{"rendered":"Balma, le 11 avril 2019"},"content":{"rendered":"\n<p>Apr\u00e8s Saint-Joseph, notre prochain concert arrive le 11 avril 2019 \u00e0 21h \u00e0 la nouvelle salle des f\u00eates de Balma. Au programme :<\/p>\n\n\n\n<ul class=\"wp-block-list\"><li> Symphonie n\u00b06 \u00ab&nbsp;Pastorale&nbsp;\u00bb de Ludwig Van Beethoven <\/li><li>Concerto pour violon de Felix Mendelssohn (avec <a href=\"http:\/\/www.natachatriadou.com\/\" target=\"_blank\" rel=\"noreferrer noopener\" aria-label=\"Natacha Triadou (s\u2019ouvre dans un nouvel onglet)\">Natacha Triadou<\/a>)<\/li><li> Messe en Ut de Ludwig Van Beethoven <\/li><\/ul>\n\n\n\n<div class=\"wp-block-image\"><figure class=\"aligncenter\"><a href=\"https:\/\/philharmonia-tolosa.fr\/wp-content\/uploads\/2019\/03\/Affiche_R\u00e9duite_BALMA.jpg\" target=\"_blank\" rel=\"noreferrer noopener\"><img loading=\"lazy\" decoding=\"async\" width=\"211\" height=\"300\" src=\"https:\/\/philharmonia-tolosa.fr\/wp-content\/uploads\/2019\/03\/Affiche_R\u00e9duite_BALMA-211x300.jpg\" alt=\"\" class=\"wp-image-734\" srcset=\"https:\/\/philharmonia-tolosa.fr\/wp-content\/uploads\/2019\/03\/Affiche_R\u00e9duite_BALMA-211x300.jpg 211w, https:\/\/philharmonia-tolosa.fr\/wp-content\/uploads\/2019\/03\/Affiche_R\u00e9duite_BALMA.jpg 650w\" sizes=\"auto, (max-width: 211px) 100vw, 211px\" \/><\/a><\/figure><\/div>\n\n\n\n<iframe loading=\"lazy\" src=\"https:\/\/www.google.com\/maps\/embed?pb=!1m14!1m8!1m3!1d11555.41277898908!2d1.4984675!3d43.6095982!3m2!1i1024!2i768!4f13.1!3m3!1m2!1s0x0%3A0xde738d478c6b6492!2sNouvelle+Salle+des+F%C3%AAtes!5e0!3m2!1sfr!2sfr!4v1552574487488\" width=\"600\" height=\"450\" frameborder=\"0\" style=\"border:0\" allowfullscreen=\"\"><\/iframe>\n\n\n\n<p>Pour cet \u00e9v\u00e8nement, une billetterie en ligne est disponible :<\/p>\n\n\n\n<a href=\"https:\/\/www.billetweb.fr\/shop.php?event=concert-balma\" onclick=\"var w=window.open('https:\/\/www.billetweb.fr\/shop.php?event=concert-balma', 'Reserver', 'width=650, height=600, top=100, left=100, toolbar=no, resizable=yes, scrollbars=yes, status=no'); w.focus(); return false;\"> <img decoding=\"async\" style=\"width:200px;\" src=\"https:\/\/www.billetweb.fr\/images\/buttons\/billetterie_noir.png\"> <\/a>\n\n\n\n<p><\/p>\n","protected":false},"excerpt":{"rendered":"<p>Apr\u00e8s Saint-Joseph, notre prochain concert arrive le 11 avril 2019 \u00e0 21h \u00e0 la nouvelle salle des f\u00eates de Balma. Au programme : Symphonie n\u00b06 \u00ab&nbsp;Pastorale&nbsp;\u00bb de Ludwig Van Beethoven Concerto pour violon de Felix Mendelssohn (avec Natacha Triadou) Messe en Ut de Ludwig Van Beethoven Pour cet \u00e9v\u00e8nement, une billetterie en ligne est disponible &#8230; <a title=\"Balma, le 11 avril 2019\" class=\"read-more\" href=\"https:\/\/philharmonia-tolosa.fr\/?p=733\" aria-label=\"En savoir plus sur Balma, le 11 avril 2019\">Lire la suite<\/a><\/p>\n","protected":false},"author":2,"featured_media":0,"comment_status":"open","ping_status":"open","sticky":false,"template":"","format":"standard","meta":{"footnotes":""},"categories":[5],"tags":[],"class_list":["post-733","post","type-post","status-publish","format-standard","hentry","category-concerts"],"_links":{"self":[{"href":"https:\/\/philharmonia-tolosa.fr\/index.php?rest_route=\/wp\/v2\/posts\/733","targetHints":{"allow":["GET"]}}],"collection":[{"href":"https:\/\/philharmonia-tolosa.fr\/index.php?rest_route=\/wp\/v2\/posts"}],"about":[{"href":"https:\/\/philharmonia-tolosa.fr\/index.php?rest_route=\/wp\/v2\/types\/post"}],"author":[{"embeddable":true,"href":"https:\/\/philharmonia-tolosa.fr\/index.php?rest_route=\/wp\/v2\/users\/2"}],"replies":[{"embeddable":true,"href":"https:\/\/philharmonia-tolosa.fr\/index.php?rest_route=%2Fwp%2Fv2%2Fcomments&post=733"}],"version-history":[{"count":5,"href":"https:\/\/philharmonia-tolosa.fr\/index.php?rest_route=\/wp\/v2\/posts\/733\/revisions"}],"predecessor-version":[{"id":739,"href":"https:\/\/philharmonia-tolosa.fr\/index.php?rest_route=\/wp\/v2\/posts\/733\/revisions\/739"}],"wp:attachment":[{"href":"https:\/\/philharmonia-tolosa.fr\/index.php?rest_route=%2Fwp%2Fv2%2Fmedia&parent=733"}],"wp:term":[{"taxonomy":"category","embeddable":true,"href":"https:\/\/philharmonia-tolosa.fr\/index.php?rest_route=%2Fwp%2Fv2%2Fcategories&post=733"},{"taxonomy":"post_tag","embeddable":true,"href":"https:\/\/philharmonia-tolosa.fr\/index.php?rest_route=%2Fwp%2Fv2%2Ftags&post=733"}],"curies":[{"name":"wp","href":"https:\/\/api.w.org\/{rel}","templated":true}]}}